{"id":2597,"date":"2022-09-01T17:07:57","date_gmt":"2022-09-01T17:07:57","guid":{"rendered":"https:\/\/finomlights.com\/?p=2597"},"modified":"2022-09-01T17:22:50","modified_gmt":"2022-09-01T17:22:50","slug":"finom-x-mina-perhonen-helsinki-design-week","status":"publish","type":"post","link":"https:\/\/finomlights.com\/fi\/finom-x-mina-perhonen-helsinki-design-week\/","title":{"rendered":"FINOM x min\u00e4 perhonen Helsinki Design Weekill\u00e4"},"content":{"rendered":"\n<figure class=\"wp-block-image\"><img decoding=\"async\" loading=\"lazy\" width=\"1024\" height=\"683\" src=\"https:\/\/finomlights.com\/wp-content\/uploads\/2021\/11\/FINOM_mina_perhonen_sieni01-1024x683.gif\" alt=\"\" class=\"wp-image-2594\" srcset=\"https:\/\/finomlights.com\/wp-content\/uploads\/2021\/11\/FINOM_mina_perhonen_sieni01-1024x683.gif 1024w, https:\/\/finomlights.com\/wp-content\/uploads\/2021\/11\/FINOM_mina_perhonen_sieni01-150x100.gif 150w, https:\/\/finomlights.com\/wp-content\/uploads\/2021\/11\/FINOM_mina_perhonen_sieni01-300x200.gif 300w, https:\/\/finomlights.com\/wp-content\/uploads\/2021\/11\/FINOM_mina_perhonen_sieni01-1600x1067.gif 1600w, https:\/\/finomlights.com\/wp-content\/uploads\/2021\/11\/FINOM_mina_perhonen_sieni01-250x167.gif 250w, https:\/\/finomlights.com\/wp-content\/uploads\/2021\/11\/FINOM_mina_perhonen_sieni01-400x267.gif 400w\" sizes=\"(max-width: 1024px) 100vw, 1024px\" \/><\/figure>\n\n\n\n<p>FINOM lights esittelee uuden valaisinkokoelman FINOM x min\u00e4 perhonen<\/p>\n\n\n\n<p>N\u00e4yttely on FORMVERK-myym\u00e4l\u00e4ss\u00e4 8.-14.9.<\/p>\n\n\n\n<p>Iso-Robertinkatu 12-14, Helsinki.<\/p>\n\n\n\n<p>Lehdist\u00f6tilaisuus keskiviikkona 7.9.2022 klo 16-17, avajaiset alkaen klo 18.<\/p>\n\n\n\n<p>Uudet valaisimet\n<strong>mets\u00e4t\u00e4hti, sieni ja pilvi<\/strong> ovat syntyneet japanilaisen tekstiili-\n ja vaatesuunnittelija Akira Minagawan ja sisustusarkkitehti ja \nmuotoilija Esa Vesmasen yhteisty\u00f6n tuloksena.<\/p>\n\n\n\n<p>N\u00e4yttely on osa Helsinki Design Week 2022 -tapahtumaa.<\/p>\n\n\n\n<p>L\u00e4mpim\u00e4sti tervetuloa!<\/p>\n","protected":false},"excerpt":{"rendered":"<p>FINOM lights esittelee uuden valaisinkokoelman FINOM x min\u00e4 perhonen N\u00e4yttely on FORMVERK-myym\u00e4l\u00e4ss\u00e4 8.-14.9. Iso-Robertinkatu 12-14, Helsinki. Lehdist\u00f6tilaisuus keskiviikkona 7.9.2022 klo 16-17, avajaiset alkaen klo 18. Uudet valaisimet mets\u00e4t\u00e4hti, sieni ja pilvi ovat syntyneet japanilaisen tekstiili- ja vaatesuunnittelija Akira Minagawan ja sisustusarkkitehti ja muotoilija Esa Vesmasen yhteisty\u00f6n tuloksena. N\u00e4yttely on osa Helsinki Design Week 2022 -tapahtumaa. [&hellip;]<\/p>\n","protected":false},"author":2,"featured_media":0,"comment_status":"closed","ping_status":"open","sticky":false,"template":"","format":"standard","meta":{"_mi_skip_tracking":false},"categories":[10],"tags":[],"_links":{"self":[{"href":"https:\/\/finomlights.com\/fi\/wp-json\/wp\/v2\/posts\/2597"}],"collection":[{"href":"https:\/\/finomlights.com\/fi\/wp-json\/wp\/v2\/posts"}],"about":[{"href":"https:\/\/finomlights.com\/fi\/wp-json\/wp\/v2\/types\/post"}],"author":[{"embeddable":true,"href":"https:\/\/finomlights.com\/fi\/wp-json\/wp\/v2\/users\/2"}],"replies":[{"embeddable":true,"href":"https:\/\/finomlights.com\/fi\/wp-json\/wp\/v2\/comments?post=2597"}],"version-history":[{"count":7,"href":"https:\/\/finomlights.com\/fi\/wp-json\/wp\/v2\/posts\/2597\/revisions"}],"predecessor-version":[{"id":2690,"href":"https:\/\/finomlights.com\/fi\/wp-json\/wp\/v2\/posts\/2597\/revisions\/2690"}],"wp:attachment":[{"href":"https:\/\/finomlights.com\/fi\/wp-json\/wp\/v2\/media?parent=2597"}],"wp:term":[{"taxonomy":"category","embeddable":true,"href":"https:\/\/finomlights.com\/fi\/wp-json\/wp\/v2\/categories?post=2597"},{"taxonomy":"post_tag","embeddable":true,"href":"https:\/\/finomlights.com\/fi\/wp-json\/wp\/v2\/tags?post=2597"}],"curies":[{"name":"wp","href":"https:\/\/api.w.org\/{rel}","templated":true}]}}